{"id":16126,"date":"2020-01-29T14:41:27","date_gmt":"2020-01-29T14:41:27","guid":{"rendered":"https:\/\/www.ejuniper.com\/?p=16126"},"modified":"2025-05-08T15:20:54","modified_gmt":"2025-05-08T13:20:54","slug":"juan-mateos-is-appointed-as-general-manager-of-juniper","status":"publish","type":"post","link":"https:\/\/ejuniper.com\/es\/blog\/juan-mateos-is-appointed-as-general-manager-of-juniper\/","title":{"rendered":"Juan Mateos es nombrado General Manager de Juniper"},"content":{"rendered":"\n<p>Juniper contin\u00faa en proceso de expansi\u00f3n org\u00e1nica y tambi\u00e9n empresarial a trav\u00e9s de la adquisici\u00f3n de nuevas compa\u00f1\u00edas. Este crecimiento ha propiciado una reestructuraci\u00f3n de la Directiva de Juniper para adaptarse a los nuevos retos. <\/p>\n\n\n\n<p>Juan Mateos, que hasta ahora desempe\u00f1aba el puesto de Head of Project Management, Support &amp; Training Teams, ha aceptado el cargo de General Manager y a partir de ahora se encargar\u00e1 la supervisi\u00f3n de los Departamentos de Project Management, Desarrollo, Producto y Sistemas. <\/p>\n\n\n\n<p>&#8220;He aceptado este nuevo rol con much\u00edsima ilusi\u00f3n y responsabilidad para liderar a un grupo humano y profesional incre\u00edble y poder hacer reales nuestros objetivos a corto y medio plazo&#8221;, afirma Mateos.<\/p>\n\n\n\n<p>El nuevo General Manager asegura que &#8220;los objetivos que tenemos marcados para nuestra compa\u00f1\u00eda no son otros que continuar haciendo con la mayor calidad lo que hemos sabido hacer tan bien y que nos ha reportado tantos \u00e9xitos en estos \u00faltimos a\u00f1os.&#8221;<\/p>\n\n\n\n<p>&#8220;La calidad es un objetivo que tenemos en marcha desde hace unos a\u00f1os pero en el que vamos a trabajar fuertemente para que sea una realidad indudable para todos en este 2020, incluido por supuesto para nuestros clientes. Para cumplir este objetivo durante este primer semestre del a\u00f1o regularizaremos algunos procesos, y responsabilidades, con el enfoque de controlar nuestras m\u00e9tricas, operaciones y por supuesto nuestros indicadores de SLA.&#8221;<\/p>\n\n\n\n<p>&#8220;La consecuci\u00f3n de este objetivo prioritario, nos llevar\u00e1 a la ejecuci\u00f3n y logro de otros objetivos tambi\u00e9n muy importantes, como la consolidaci\u00f3n de estructuras, metodolog\u00edas, procesos de todos los equipos y revenue deseado&#8221;.<\/p>\n\n\n\n<p>Juan Mateos ha agradecido al CEO de Juniper Jaime Sastre su confianza, expresando la certeza de que &#8220;Juniper Group a\u00f1adir\u00e1 nuevos \u00e9xitos pr\u00f3ximamente a nuestro grupo y con ellos nuevas oportunidades para todos los miembros de la divisi\u00f3n Juniper&#8221;.<\/p>\n","protected":false},"excerpt":{"rendered":"<p>Juniper contin\u00faa en proceso de expansi\u00f3n org\u00e1nica y tambi\u00e9n empresarial a trav\u00e9s de la adquisici\u00f3n de nuevas compa\u00f1\u00edas. Este crecimiento ha propiciado una reestructuraci\u00f3n de la Directiva de Juniper para adaptarse a los nuevos retos. Juan Mateos, que hasta ahora desempe\u00f1aba el puesto de Head of Project Management, Support &amp; Training Teams, ha aceptado el [&hellip;]<\/p>\n","protected":false},"author":47,"featured_media":16291,"comment_status":"closed","ping_status":"closed","sticky":false,"template":"","format":"standard","meta":{"_acf_changed":false,"inline_featured_image":false,"footnotes":""},"categories":[1],"tags":[],"categoria_divisiones":[],"class_list":["post-16126","post","type-post","status-publish","format-standard","has-post-thumbnail","hentry","category-news"],"yoast_head":"<!-- This site is optimized with the Yoast SEO plugin v27.4 - https:\/\/yoast.com\/product\/yoast-seo-wordpress\/ -->\n<title>Juniper Blog | Juan Mateos es nombrado General Manager de Juniper<\/title>\n<meta name=\"robots\" content=\"index, follow, max-snippet:-1, max-image-preview:large, max-video-preview:-1\" \/>\n<link rel=\"canonical\" href=\"https:\/\/ejuniper.com\/es\/blog\/juan-mateos-is-appointed-as-general-manager-of-juniper\/\" \/>\n<meta property=\"og:locale\" content=\"es_ES\" \/>\n<meta property=\"og:type\" content=\"article\" \/>\n<meta property=\"og:title\" content=\"Juniper Blog | Juan Mateos es nombrado General Manager de Juniper\" \/>\n<meta property=\"og:description\" content=\"Juniper contin\u00faa en proceso de expansi\u00f3n org\u00e1nica y tambi\u00e9n empresarial a trav\u00e9s de la adquisici\u00f3n de nuevas compa\u00f1\u00edas. Este crecimiento ha propiciado una reestructuraci\u00f3n de la Directiva de Juniper para adaptarse a los nuevos retos. Juan Mateos, que hasta ahora desempe\u00f1aba el puesto de Head of Project Management, Support &amp; Training Teams, ha aceptado el [&hellip;]\" \/>\n<meta property=\"og:url\" content=\"https:\/\/ejuniper.com\/es\/blog\/juan-mateos-is-appointed-as-general-manager-of-juniper\/\" \/>\n<meta property=\"og:site_name\" content=\"Juniper\" \/>\n<meta property=\"article:published_time\" content=\"2020-01-29T14:41:27+00:00\" \/>\n<meta property=\"article:modified_time\" content=\"2025-05-08T13:20:54+00:00\" \/>\n<meta property=\"og:image\" content=\"https:\/\/ejuniper.com\/wp-content\/uploads\/2020\/01\/JuanMateos-GeneralManager.jpg\" \/>\n\t<meta property=\"og:image:width\" content=\"1440\" \/>\n\t<meta property=\"og:image:height\" content=\"466\" \/>\n\t<meta property=\"og:image:type\" content=\"image\/jpeg\" \/>\n<meta name=\"author\" content=\"marketingjuniper\" \/>\n<meta name=\"twitter:card\" content=\"summary_large_image\" \/>\n<meta name=\"twitter:label1\" content=\"Escrito por\" \/>\n\t<meta name=\"twitter:data1\" content=\"marketingjuniper\" \/>\n\t<meta name=\"twitter:label2\" content=\"Tiempo de lectura\" \/>\n\t<meta name=\"twitter:data2\" content=\"2 minutos\" \/>\n<script type=\"application\/ld+json\" class=\"yoast-schema-graph\">{\"@context\":\"https:\\\/\\\/schema.org\",\"@graph\":[{\"@type\":\"Article\",\"@id\":\"https:\\\/\\\/ejuniper.com\\\/es\\\/blog\\\/juan-mateos-is-appointed-as-general-manager-of-juniper\\\/#article\",\"isPartOf\":{\"@id\":\"https:\\\/\\\/ejuniper.com\\\/es\\\/blog\\\/juan-mateos-is-appointed-as-general-manager-of-juniper\\\/\"},\"author\":{\"name\":\"marketingjuniper\",\"@id\":\"https:\\\/\\\/ejuniper.com\\\/es\\\/#\\\/schema\\\/person\\\/6a217697a9fb79ac4dbcaf011ddba0a1\"},\"headline\":\"Juan Mateos es nombrado General Manager de Juniper\",\"datePublished\":\"2020-01-29T14:41:27+00:00\",\"dateModified\":\"2025-05-08T13:20:54+00:00\",\"mainEntityOfPage\":{\"@id\":\"https:\\\/\\\/ejuniper.com\\\/es\\\/blog\\\/juan-mateos-is-appointed-as-general-manager-of-juniper\\\/\"},\"wordCount\":325,\"publisher\":{\"@id\":\"https:\\\/\\\/ejuniper.com\\\/es\\\/#organization\"},\"image\":{\"@id\":\"https:\\\/\\\/ejuniper.com\\\/es\\\/blog\\\/juan-mateos-is-appointed-as-general-manager-of-juniper\\\/#primaryimage\"},\"thumbnailUrl\":\"https:\\\/\\\/ejuniper.com\\\/wp-content\\\/uploads\\\/2020\\\/01\\\/JuanMateos-GeneralManager.jpg\",\"articleSection\":[\"News\"],\"inLanguage\":\"es\"},{\"@type\":\"WebPage\",\"@id\":\"https:\\\/\\\/ejuniper.com\\\/es\\\/blog\\\/juan-mateos-is-appointed-as-general-manager-of-juniper\\\/\",\"url\":\"https:\\\/\\\/ejuniper.com\\\/es\\\/blog\\\/juan-mateos-is-appointed-as-general-manager-of-juniper\\\/\",\"name\":\"Juniper Blog | Juan Mateos es nombrado General Manager de Juniper\",\"isPartOf\":{\"@id\":\"https:\\\/\\\/ejuniper.com\\\/es\\\/#website\"},\"primaryImageOfPage\":{\"@id\":\"https:\\\/\\\/ejuniper.com\\\/es\\\/blog\\\/juan-mateos-is-appointed-as-general-manager-of-juniper\\\/#primaryimage\"},\"image\":{\"@id\":\"https:\\\/\\\/ejuniper.com\\\/es\\\/blog\\\/juan-mateos-is-appointed-as-general-manager-of-juniper\\\/#primaryimage\"},\"thumbnailUrl\":\"https:\\\/\\\/ejuniper.com\\\/wp-content\\\/uploads\\\/2020\\\/01\\\/JuanMateos-GeneralManager.jpg\",\"datePublished\":\"2020-01-29T14:41:27+00:00\",\"dateModified\":\"2025-05-08T13:20:54+00:00\",\"breadcrumb\":{\"@id\":\"https:\\\/\\\/ejuniper.com\\\/es\\\/blog\\\/juan-mateos-is-appointed-as-general-manager-of-juniper\\\/#breadcrumb\"},\"inLanguage\":\"es\",\"potentialAction\":[{\"@type\":\"ReadAction\",\"target\":[\"https:\\\/\\\/ejuniper.com\\\/es\\\/blog\\\/juan-mateos-is-appointed-as-general-manager-of-juniper\\\/\"]}]},{\"@type\":\"ImageObject\",\"inLanguage\":\"es\",\"@id\":\"https:\\\/\\\/ejuniper.com\\\/es\\\/blog\\\/juan-mateos-is-appointed-as-general-manager-of-juniper\\\/#primaryimage\",\"url\":\"https:\\\/\\\/ejuniper.com\\\/wp-content\\\/uploads\\\/2020\\\/01\\\/JuanMateos-GeneralManager.jpg\",\"contentUrl\":\"https:\\\/\\\/ejuniper.com\\\/wp-content\\\/uploads\\\/2020\\\/01\\\/JuanMateos-GeneralManager.jpg\",\"width\":1440,\"height\":466},{\"@type\":\"BreadcrumbList\",\"@id\":\"https:\\\/\\\/ejuniper.com\\\/es\\\/blog\\\/juan-mateos-is-appointed-as-general-manager-of-juniper\\\/#breadcrumb\",\"itemListElement\":[{\"@type\":\"ListItem\",\"position\":1,\"name\":\"Inicio\",\"item\":\"https:\\\/\\\/ejuniper.com\\\/es\\\/\"},{\"@type\":\"ListItem\",\"position\":2,\"name\":\"Juan Mateos es nombrado General Manager de Juniper\"}]},{\"@type\":\"WebSite\",\"@id\":\"https:\\\/\\\/ejuniper.com\\\/es\\\/#website\",\"url\":\"https:\\\/\\\/ejuniper.com\\\/es\\\/\",\"name\":\"https:\\\/\\\/ejuniper.com\\\/\",\"description\":\"Redefining Travel with Innovative Technology\",\"publisher\":{\"@id\":\"https:\\\/\\\/ejuniper.com\\\/es\\\/#organization\"},\"potentialAction\":[{\"@type\":\"SearchAction\",\"target\":{\"@type\":\"EntryPoint\",\"urlTemplate\":\"https:\\\/\\\/ejuniper.com\\\/es\\\/?s={search_term_string}\"},\"query-input\":{\"@type\":\"PropertyValueSpecification\",\"valueRequired\":true,\"valueName\":\"search_term_string\"}}],\"inLanguage\":\"es\"},{\"@type\":\"Organization\",\"@id\":\"https:\\\/\\\/ejuniper.com\\\/es\\\/#organization\",\"name\":\"Juniper Travel Technology\",\"url\":\"https:\\\/\\\/ejuniper.com\\\/es\\\/\",\"logo\":{\"@type\":\"ImageObject\",\"inLanguage\":\"es\",\"@id\":\"https:\\\/\\\/ejuniper.com\\\/es\\\/#\\\/schema\\\/logo\\\/image\\\/\",\"url\":\"https:\\\/\\\/ejuniper.com\\\/wp-content\\\/uploads\\\/2024\\\/11\\\/juniper-2-1.svg\",\"contentUrl\":\"https:\\\/\\\/ejuniper.com\\\/wp-content\\\/uploads\\\/2024\\\/11\\\/juniper-2-1.svg\",\"width\":48,\"height\":48,\"caption\":\"Juniper Travel Technology\"},\"image\":{\"@id\":\"https:\\\/\\\/ejuniper.com\\\/es\\\/#\\\/schema\\\/logo\\\/image\\\/\"},\"sameAs\":[\"https:\\\/\\\/www.linkedin.com\\\/company\\\/juniper\\\/\"]},{\"@type\":\"Person\",\"@id\":\"https:\\\/\\\/ejuniper.com\\\/es\\\/#\\\/schema\\\/person\\\/6a217697a9fb79ac4dbcaf011ddba0a1\",\"name\":\"marketingjuniper\",\"image\":{\"@type\":\"ImageObject\",\"inLanguage\":\"es\",\"@id\":\"https:\\\/\\\/ejuniper.com\\\/wp-content\\\/uploads\\\/2024\\\/11\\\/fav.svg\",\"url\":\"https:\\\/\\\/ejuniper.com\\\/wp-content\\\/uploads\\\/2024\\\/11\\\/fav.svg\",\"contentUrl\":\"https:\\\/\\\/ejuniper.com\\\/wp-content\\\/uploads\\\/2024\\\/11\\\/fav.svg\",\"caption\":\"marketingjuniper\"},\"url\":\"https:\\\/\\\/ejuniper.com\\\/es\\\/blog\\\/author\\\/marketingjuniper\\\/\"}]}<\/script>\n<!-- \/ Yoast SEO plugin. -->","yoast_head_json":{"title":"Juniper Blog | Juan Mateos es nombrado General Manager de Juniper","robots":{"index":"index","follow":"follow","max-snippet":"max-snippet:-1","max-image-preview":"max-image-preview:large","max-video-preview":"max-video-preview:-1"},"canonical":"https:\/\/ejuniper.com\/es\/blog\/juan-mateos-is-appointed-as-general-manager-of-juniper\/","og_locale":"es_ES","og_type":"article","og_title":"Juniper Blog | Juan Mateos es nombrado General Manager de Juniper","og_description":"Juniper contin\u00faa en proceso de expansi\u00f3n org\u00e1nica y tambi\u00e9n empresarial a trav\u00e9s de la adquisici\u00f3n de nuevas compa\u00f1\u00edas. Este crecimiento ha propiciado una reestructuraci\u00f3n de la Directiva de Juniper para adaptarse a los nuevos retos. Juan Mateos, que hasta ahora desempe\u00f1aba el puesto de Head of Project Management, Support &amp; Training Teams, ha aceptado el [&hellip;]","og_url":"https:\/\/ejuniper.com\/es\/blog\/juan-mateos-is-appointed-as-general-manager-of-juniper\/","og_site_name":"Juniper","article_published_time":"2020-01-29T14:41:27+00:00","article_modified_time":"2025-05-08T13:20:54+00:00","og_image":[{"width":1440,"height":466,"url":"https:\/\/ejuniper.com\/wp-content\/uploads\/2020\/01\/JuanMateos-GeneralManager.jpg","type":"image\/jpeg"}],"author":"marketingjuniper","twitter_card":"summary_large_image","twitter_misc":{"Escrito por":"marketingjuniper","Tiempo de lectura":"2 minutos"},"schema":{"@context":"https:\/\/schema.org","@graph":[{"@type":"Article","@id":"https:\/\/ejuniper.com\/es\/blog\/juan-mateos-is-appointed-as-general-manager-of-juniper\/#article","isPartOf":{"@id":"https:\/\/ejuniper.com\/es\/blog\/juan-mateos-is-appointed-as-general-manager-of-juniper\/"},"author":{"name":"marketingjuniper","@id":"https:\/\/ejuniper.com\/es\/#\/schema\/person\/6a217697a9fb79ac4dbcaf011ddba0a1"},"headline":"Juan Mateos es nombrado General Manager de Juniper","datePublished":"2020-01-29T14:41:27+00:00","dateModified":"2025-05-08T13:20:54+00:00","mainEntityOfPage":{"@id":"https:\/\/ejuniper.com\/es\/blog\/juan-mateos-is-appointed-as-general-manager-of-juniper\/"},"wordCount":325,"publisher":{"@id":"https:\/\/ejuniper.com\/es\/#organization"},"image":{"@id":"https:\/\/ejuniper.com\/es\/blog\/juan-mateos-is-appointed-as-general-manager-of-juniper\/#primaryimage"},"thumbnailUrl":"https:\/\/ejuniper.com\/wp-content\/uploads\/2020\/01\/JuanMateos-GeneralManager.jpg","articleSection":["News"],"inLanguage":"es"},{"@type":"WebPage","@id":"https:\/\/ejuniper.com\/es\/blog\/juan-mateos-is-appointed-as-general-manager-of-juniper\/","url":"https:\/\/ejuniper.com\/es\/blog\/juan-mateos-is-appointed-as-general-manager-of-juniper\/","name":"Juniper Blog | Juan Mateos es nombrado General Manager de Juniper","isPartOf":{"@id":"https:\/\/ejuniper.com\/es\/#website"},"primaryImageOfPage":{"@id":"https:\/\/ejuniper.com\/es\/blog\/juan-mateos-is-appointed-as-general-manager-of-juniper\/#primaryimage"},"image":{"@id":"https:\/\/ejuniper.com\/es\/blog\/juan-mateos-is-appointed-as-general-manager-of-juniper\/#primaryimage"},"thumbnailUrl":"https:\/\/ejuniper.com\/wp-content\/uploads\/2020\/01\/JuanMateos-GeneralManager.jpg","datePublished":"2020-01-29T14:41:27+00:00","dateModified":"2025-05-08T13:20:54+00:00","breadcrumb":{"@id":"https:\/\/ejuniper.com\/es\/blog\/juan-mateos-is-appointed-as-general-manager-of-juniper\/#breadcrumb"},"inLanguage":"es","potentialAction":[{"@type":"ReadAction","target":["https:\/\/ejuniper.com\/es\/blog\/juan-mateos-is-appointed-as-general-manager-of-juniper\/"]}]},{"@type":"ImageObject","inLanguage":"es","@id":"https:\/\/ejuniper.com\/es\/blog\/juan-mateos-is-appointed-as-general-manager-of-juniper\/#primaryimage","url":"https:\/\/ejuniper.com\/wp-content\/uploads\/2020\/01\/JuanMateos-GeneralManager.jpg","contentUrl":"https:\/\/ejuniper.com\/wp-content\/uploads\/2020\/01\/JuanMateos-GeneralManager.jpg","width":1440,"height":466},{"@type":"BreadcrumbList","@id":"https:\/\/ejuniper.com\/es\/blog\/juan-mateos-is-appointed-as-general-manager-of-juniper\/#breadcrumb","itemListElement":[{"@type":"ListItem","position":1,"name":"Inicio","item":"https:\/\/ejuniper.com\/es\/"},{"@type":"ListItem","position":2,"name":"Juan Mateos es nombrado General Manager de Juniper"}]},{"@type":"WebSite","@id":"https:\/\/ejuniper.com\/es\/#website","url":"https:\/\/ejuniper.com\/es\/","name":"https:\/\/ejuniper.com\/","description":"Redefining Travel with Innovative Technology","publisher":{"@id":"https:\/\/ejuniper.com\/es\/#organization"},"potentialAction":[{"@type":"SearchAction","target":{"@type":"EntryPoint","urlTemplate":"https:\/\/ejuniper.com\/es\/?s={search_term_string}"},"query-input":{"@type":"PropertyValueSpecification","valueRequired":true,"valueName":"search_term_string"}}],"inLanguage":"es"},{"@type":"Organization","@id":"https:\/\/ejuniper.com\/es\/#organization","name":"Juniper Travel Technology","url":"https:\/\/ejuniper.com\/es\/","logo":{"@type":"ImageObject","inLanguage":"es","@id":"https:\/\/ejuniper.com\/es\/#\/schema\/logo\/image\/","url":"https:\/\/ejuniper.com\/wp-content\/uploads\/2024\/11\/juniper-2-1.svg","contentUrl":"https:\/\/ejuniper.com\/wp-content\/uploads\/2024\/11\/juniper-2-1.svg","width":48,"height":48,"caption":"Juniper Travel Technology"},"image":{"@id":"https:\/\/ejuniper.com\/es\/#\/schema\/logo\/image\/"},"sameAs":["https:\/\/www.linkedin.com\/company\/juniper\/"]},{"@type":"Person","@id":"https:\/\/ejuniper.com\/es\/#\/schema\/person\/6a217697a9fb79ac4dbcaf011ddba0a1","name":"marketingjuniper","image":{"@type":"ImageObject","inLanguage":"es","@id":"https:\/\/ejuniper.com\/wp-content\/uploads\/2024\/11\/fav.svg","url":"https:\/\/ejuniper.com\/wp-content\/uploads\/2024\/11\/fav.svg","contentUrl":"https:\/\/ejuniper.com\/wp-content\/uploads\/2024\/11\/fav.svg","caption":"marketingjuniper"},"url":"https:\/\/ejuniper.com\/es\/blog\/author\/marketingjuniper\/"}]}},"acf":[],"_links":{"self":[{"href":"https:\/\/ejuniper.com\/es\/wp-json\/wp\/v2\/posts\/16126","targetHints":{"allow":["GET"]}}],"collection":[{"href":"https:\/\/ejuniper.com\/es\/wp-json\/wp\/v2\/posts"}],"about":[{"href":"https:\/\/ejuniper.com\/es\/wp-json\/wp\/v2\/types\/post"}],"author":[{"embeddable":true,"href":"https:\/\/ejuniper.com\/es\/wp-json\/wp\/v2\/users\/47"}],"replies":[{"embeddable":true,"href":"https:\/\/ejuniper.com\/es\/wp-json\/wp\/v2\/comments?post=16126"}],"version-history":[{"count":0,"href":"https:\/\/ejuniper.com\/es\/wp-json\/wp\/v2\/posts\/16126\/revisions"}],"wp:featuredmedia":[{"embeddable":true,"href":"https:\/\/ejuniper.com\/es\/wp-json\/wp\/v2\/media\/16291"}],"wp:attachment":[{"href":"https:\/\/ejuniper.com\/es\/wp-json\/wp\/v2\/media?parent=16126"}],"wp:term":[{"taxonomy":"category","embeddable":true,"href":"https:\/\/ejuniper.com\/es\/wp-json\/wp\/v2\/categories?post=16126"},{"taxonomy":"post_tag","embeddable":true,"href":"https:\/\/ejuniper.com\/es\/wp-json\/wp\/v2\/tags?post=16126"},{"taxonomy":"categoria_divisiones","embeddable":true,"href":"https:\/\/ejuniper.com\/es\/wp-json\/wp\/v2\/categoria_divisiones?post=16126"}],"curies":[{"name":"wp","href":"https:\/\/api.w.org\/{rel}","templated":true}]}}